{"id":10954,"date":"2023-07-04T18:22:02","date_gmt":"2023-07-04T21:22:02","guid":{"rendered":"https:\/\/www.rosarioalerta.com.ar\/site\/?p=10954"},"modified":"2023-07-04T18:22:03","modified_gmt":"2023-07-04T21:22:03","slug":"prision-perpetua-para-carlos-toro-escobar","status":"publish","type":"post","link":"https:\/\/www.rosarioalerta.com.ar\/site\/archivos\/10954","title":{"rendered":"Prisi\u00f3n perpetua para Carlos \u201cToro\u201d Escobar"},"content":{"rendered":"\n<p><\/p>\n\n\n\n<p>El tribunal integrado por los jueces Gonzalo L\u00f3pez Quintana, Mariano Aliau y Mar\u00eda Isabel M\u00e1s Varela conden\u00f3 a Carlos Dami\u00e1n \u201cToro\u201d Escobar a prisi\u00f3n perpetua<\/p>\n\n\n\n<p>La condena se dio por ser el instigador del homicidio de la pareja de su ex, con la intenci\u00f3n de hacerla sufrir.<\/p>\n\n\n\n<p>El hecho por el que <strong>Escobar<\/strong> fue condenado tuvo lugar el 23 de mayo de 2019, en horas nocturnas, cuando dos sicarios se presentaron en la casa de <strong>David Nahuel Amarilla<\/strong>, en <strong>Ameghino y Necochea<\/strong>, quien en aquella \u00e9poca estaba de novio con la ex pareja de <strong>Escobar<\/strong>. Los atendi\u00f3 la madre de la v\u00edctima e inmediatamente apareci\u00f3 <strong>Amarilla<\/strong>, quien recibi\u00f3 el impacto de tres balazos que le produjeron la muerte por hemorragia masiva intrator\u00e1cica por lesiones cardiopulmonares. Los agresores se dieron a la fuga en una Honda Tornado en la que hab\u00edan llegado mientras que el joven de 22 a\u00f1os falleci\u00f3 en el <strong>Hospital Provincial<\/strong>. La acusaci\u00f3n estuvo a cargo de la fiscal <strong>Carla Cerliani<\/strong> y la defensa de Escobar de los abogados <strong>Mariano Scaglia y Ana In\u00e9s Campod\u00f3nico<\/strong><\/p>\n<div class=\"newspaper-x-tags\"><strong>TAGS: <\/strong><span><a href=\"https:\/\/www.rosarioalerta.com.ar\/site\/archivos\/tag\/noticias-de-rosario\" rel=\"tag\">Noticias de Rosario<\/a><\/span><a href=\"https:\/\/www.rosarioalerta.com.ar\/site\/archivos\/tag\/rosario\" rel=\"tag\">Rosario<\/a><\/span><a href=\"https:\/\/www.rosarioalerta.com.ar\/site\/archivos\/tag\/santa-fe\" rel=\"tag\">Santa Fe<\/a> <\/div>","protected":false},"excerpt":{"rendered":"<p>El tribunal integrado por los jueces Gonzalo L\u00f3pez Quintana, Mariano Aliau y Mar\u00eda Isabel M\u00e1s Varela conden\u00f3 a Carlos Dami\u00e1n \u201cToro\u201d Escobar a prisi\u00f3n perpetua La condena se dio por ser el instigador del homicidio de la pareja de su ex, con la intenci\u00f3n de hacerla sufrir. El hecho por el que Escobar fue condenado [&hellip;]<\/p>\n","protected":false},"author":2,"featured_media":3726,"comment_status":"open","ping_status":"open","sticky":false,"template":"","format":"standard","meta":{"_joinchat":[],"footnotes":""},"categories":[6,13,21,14],"tags":[95,55,65],"class_list":["post-10954","post","type-post","status-publish","format-standard","has-post-thumbnail","hentry","category-homicidios","category-judiciales","category-noticias","category-policiales","tag-noticias-de-rosario","tag-rosario","tag-santa-fe"],"_links":{"self":[{"href":"https:\/\/www.rosarioalerta.com.ar\/site\/wp-json\/wp\/v2\/posts\/10954","targetHints":{"allow":["GET"]}}],"collection":[{"href":"https:\/\/www.rosarioalerta.com.ar\/site\/wp-json\/wp\/v2\/posts"}],"about":[{"href":"https:\/\/www.rosarioalerta.com.ar\/site\/wp-json\/wp\/v2\/types\/post"}],"author":[{"embeddable":true,"href":"https:\/\/www.rosarioalerta.com.ar\/site\/wp-json\/wp\/v2\/users\/2"}],"replies":[{"embeddable":true,"href":"https:\/\/www.rosarioalerta.com.ar\/site\/wp-json\/wp\/v2\/comments?post=10954"}],"version-history":[{"count":1,"href":"https:\/\/www.rosarioalerta.com.ar\/site\/wp-json\/wp\/v2\/posts\/10954\/revisions"}],"predecessor-version":[{"id":10955,"href":"https:\/\/www.rosarioalerta.com.ar\/site\/wp-json\/wp\/v2\/posts\/10954\/revisions\/10955"}],"wp:featuredmedia":[{"embeddable":true,"href":"https:\/\/www.rosarioalerta.com.ar\/site\/wp-json\/wp\/v2\/media\/3726"}],"wp:attachment":[{"href":"https:\/\/www.rosarioalerta.com.ar\/site\/wp-json\/wp\/v2\/media?parent=10954"}],"wp:term":[{"taxonomy":"category","embeddable":true,"href":"https:\/\/www.rosarioalerta.com.ar\/site\/wp-json\/wp\/v2\/categories?post=10954"},{"taxonomy":"post_tag","embeddable":true,"href":"https:\/\/www.rosarioalerta.com.ar\/site\/wp-json\/wp\/v2\/tags?post=10954"}],"curies":[{"name":"wp","href":"https:\/\/api.w.org\/{rel}","templated":true}]}}