{"id":10909,"date":"2023-07-01T08:55:55","date_gmt":"2023-07-01T11:55:55","guid":{"rendered":"https:\/\/www.rosarioalerta.com.ar\/site\/?p=10909"},"modified":"2023-07-01T08:55:56","modified_gmt":"2023-07-01T11:55:56","slug":"evidenciaron-homicidios-amenazas-y-extorsiones","status":"publish","type":"post","link":"https:\/\/www.rosarioalerta.com.ar\/site\/archivos\/10909","title":{"rendered":"Evidenciaron homicidios, amenazas y extorsiones"},"content":{"rendered":"\n<p><\/p>\n\n\n\n<p>Fue tras las dos extensas jornadas de imputaci\u00f3n contra una fracci\u00f3n de la banda de Los Monos<\/p>\n\n\n\n<p><strong>Altamirano, <\/strong>fue secuestrado de la calle, lo subieron a un<strong> Renault Sandero <\/strong>con pedido de captura por robo, lo bajaron frente a la cancha de<strong> Newells <\/strong>y lo ejecutaron, dej\u00e1ndole un mensaje en el bolsillo. Parte de esa banda est\u00e1 compuesta por los detenido;<strong> Pablo Nicol\u00e1s Camino<\/strong>, quien est\u00e1 se\u00f1alado como jefe de la banda, <strong>Antonella Victoria Fern\u00e1ndez<\/strong> era una organizadora de la asociaci\u00f3n il\u00edcita junto a <strong>Carlos Alberto Olgu\u00edn. <\/strong>Mientras que <strong>Axel Cesar, William Mart\u00ednez, Lucas Mart\u00edn Castillo, Ignacio Axel Nahuel N\u00fa\u00f1ez<\/strong>&nbsp; y otros, son parte de esta organizaci\u00f3n delictiva, que operaba en los <strong>barrios; Godoy, Villa Nueva, Villa Urquiza y Belgrano,<\/strong> con abusos de arma, homicidios, usurpaciones,&nbsp; cohechos, delitos que involucran a funcionarios p\u00fablicos y policiales, intimidaciones, entre otras acusaciones que afrontan desde el jueves y que se extender\u00e1n hasta el martes<\/p>\n\n\n\n<p>Los fiscales se\u00f1alaron que entre tantos negocios il\u00edcitos disputados por esta asociaci\u00f3n il\u00edcita, sobresale la puja por el poder\u00edo del dominio del paravalanchas rojinegro y los negocios que conllevan al entorno del estadio de <strong>Newells<\/strong>, como lo son el estacionamiento p\u00fablico, organizaci\u00f3n de seguridad en eventos y espect\u00e1culos, traslado de hinchas a otras provincias y m\u00e1s<\/p>\n\n\n\n<p>Seg\u00fan la informaci\u00f3n volcada en estos d\u00edas de audiencia, la organizaci\u00f3n liderada por <strong>Pablo Camino<\/strong>, data desde noviembre de 2022, hasta el pasado mes de marzo, cuando este toma distancia del grupo del grupo antag\u00f3nico, fecha en que result\u00f3 aprehendida <strong>Antonella Victoria Fern\u00e1ndez, <\/strong>a quien se\u00f1alan como organizadora de la asociaci\u00f3n y quien segu\u00eda los pasos marcados desde la <strong>Unidad Penitenciaria N\u00ba6 de Rawson<\/strong>, ordenados por <strong>Camino<\/strong>, mediante llamadas telef\u00f3nicas, las cuales sol\u00edan durar m\u00e1s de una hora<\/p>\n\n\n\n<p><strong>Fern\u00e1ndez, <\/strong>delegaba las \u00f3rdenes impartidas, que eran la de recolectar el dinero proveniente de diversos il\u00edcitos, tales como; el cobro de alquileres de inmuebles obtenidos tras usurpaciones, la sustracci\u00f3n de motos y autos. Y cuando se finalizaba la \u201ctarea\u201d deb\u00edan enviarles las fotos con los trabajos culminados o a trav\u00e9s de videos<\/p>\n\n\n\n<p><strong>Axel Cesar, <\/strong>era el brazo armado; quien materializaba las ejecuciones o realizaba las balaceras<strong>. William Mart\u00ednez. <\/strong>Tambi\u00e9n ejecutaba las \u00f3rdenes que recib\u00eda de<strong> Camino <\/strong>v\u00eda celular, las cuales eran similares a las de <strong>Mart\u00ednez<\/strong> y el resto de la banda<\/p>\n\n\n\n<p>Otro de los hechos que les imputan es la balacera contra la <strong>Sub Comisar\u00eda 26\u00ba en Villa Gobernador G\u00e1lvez<\/strong> y el crimen de <strong>Lorenzo Jimmy Altamirano,<\/strong> el crimen de <strong>Jorge Maturano y el de Pablo Latorre<\/strong>, entre otros que no llegaron a detallar en la audiencia. El robo del auto en el que se desplazaron para ejecutar a <strong>Jimmy<\/strong>, tambi\u00e9n fue parte de los delitos que les imputaron. El Renault Sandero, fue sustra\u00eddo el 30 de enero, a punta de pistola en <strong>Cochabamba y Chacabuco<\/strong>, luego en <strong>27 de Febrero e Iriondo<\/strong> levantan a <strong>Jimmy<\/strong> y lo ejecutan en la puerta del <strong>Marcelo Bielsa<\/strong>, dejando un mensaje<\/p>\n\n\n\n<p>Luego vino el crimen de <strong>Maturano y<\/strong> durante el velorio, acribillan a Latorre, en la sala velatoria de <strong>Tte Agneta al 1100<\/strong>, donde adem\u00e1s resultan heridas dos personas m\u00e1s. A esta banda le suman otras dos v\u00edctimas; <strong>Benjam\u00edn Echavarria<\/strong>, el primero de marzo en calle <strong>Amen\u00e1bar al 6200<\/strong> y dos d\u00edas m\u00e1s tarde en <strong>Vera M\u00fajica y Pje Independencia<\/strong> la vida de <strong>Wilson<\/strong> <strong>Daniel Perdomo Silveira<\/strong>, entre otros hechos delictivos que terminar\u00e1n de ser expuestos, junto a la resoluci\u00f3n de pedido de medidas cautelares el pr\u00f3ximo martes a las 14<\/p>\n<div class=\"newspaper-x-tags\"><strong>TAGS: <\/strong><span><a href=\"https:\/\/www.rosarioalerta.com.ar\/site\/archivos\/tag\/noticias-de-rosario\" rel=\"tag\">Noticias de Rosario<\/a><\/span><a href=\"https:\/\/www.rosarioalerta.com.ar\/site\/archivos\/tag\/rosario\" rel=\"tag\">Rosario<\/a><\/span><a href=\"https:\/\/www.rosarioalerta.com.ar\/site\/archivos\/tag\/santa-fe\" rel=\"tag\">Santa Fe<\/a> <\/div>","protected":false},"excerpt":{"rendered":"<p>Fue tras las dos extensas jornadas de imputaci\u00f3n contra una fracci\u00f3n de la banda de Los Monos Altamirano, fue secuestrado de la calle, lo subieron a un Renault Sandero con pedido de captura por robo, lo bajaron frente a la cancha de Newells y lo ejecutaron, dej\u00e1ndole un mensaje en el bolsillo. Parte de esa [&hellip;]<\/p>\n","protected":false},"author":2,"featured_media":10214,"comment_status":"open","ping_status":"open","sticky":false,"template":"","format":"standard","meta":{"_joinchat":[],"footnotes":""},"categories":[13,21],"tags":[95,55,65],"class_list":["post-10909","post","type-post","status-publish","format-standard","has-post-thumbnail","hentry","category-judiciales","category-noticias","tag-noticias-de-rosario","tag-rosario","tag-santa-fe"],"_links":{"self":[{"href":"https:\/\/www.rosarioalerta.com.ar\/site\/wp-json\/wp\/v2\/posts\/10909","targetHints":{"allow":["GET"]}}],"collection":[{"href":"https:\/\/www.rosarioalerta.com.ar\/site\/wp-json\/wp\/v2\/posts"}],"about":[{"href":"https:\/\/www.rosarioalerta.com.ar\/site\/wp-json\/wp\/v2\/types\/post"}],"author":[{"embeddable":true,"href":"https:\/\/www.rosarioalerta.com.ar\/site\/wp-json\/wp\/v2\/users\/2"}],"replies":[{"embeddable":true,"href":"https:\/\/www.rosarioalerta.com.ar\/site\/wp-json\/wp\/v2\/comments?post=10909"}],"version-history":[{"count":1,"href":"https:\/\/www.rosarioalerta.com.ar\/site\/wp-json\/wp\/v2\/posts\/10909\/revisions"}],"predecessor-version":[{"id":10910,"href":"https:\/\/www.rosarioalerta.com.ar\/site\/wp-json\/wp\/v2\/posts\/10909\/revisions\/10910"}],"wp:featuredmedia":[{"embeddable":true,"href":"https:\/\/www.rosarioalerta.com.ar\/site\/wp-json\/wp\/v2\/media\/10214"}],"wp:attachment":[{"href":"https:\/\/www.rosarioalerta.com.ar\/site\/wp-json\/wp\/v2\/media?parent=10909"}],"wp:term":[{"taxonomy":"category","embeddable":true,"href":"https:\/\/www.rosarioalerta.com.ar\/site\/wp-json\/wp\/v2\/categories?post=10909"},{"taxonomy":"post_tag","embeddable":true,"href":"https:\/\/www.rosarioalerta.com.ar\/site\/wp-json\/wp\/v2\/tags?post=10909"}],"curies":[{"name":"wp","href":"https:\/\/api.w.org\/{rel}","templated":true}]}}