{"id":10649,"date":"2023-06-13T13:55:51","date_gmt":"2023-06-13T16:55:51","guid":{"rendered":"https:\/\/www.rosarioalerta.com.ar\/site\/?p=10649"},"modified":"2023-06-13T13:55:52","modified_gmt":"2023-06-13T16:55:52","slug":"juraron-ante-la-corte-suprema-las-nuevas-autoridades-para-el-mpa-y-el-sppdp","status":"publish","type":"post","link":"https:\/\/www.rosarioalerta.com.ar\/site\/archivos\/10649","title":{"rendered":"Juraron ante la Corte Suprema las nuevas autoridades para el MPA y el SPPDP"},"content":{"rendered":"\n<p><\/p>\n\n\n\n<p>Se trata de los Dres. Carlos Mar\u00eda Vottero y Mart\u00edn Gabriel Riccardi quienes se desempe\u00f1aran, quienes se desempe\u00f1ar\u00e1n como Fiscal Regional y Defensor Regional para las sedes Rafaela y Rosario<\/p>\n\n\n\n<p>Esta ma\u00f1ana prestaron juramento ante la Corte Suprema de Justicia de la provincia, que estuvo presidida por el Dr. Daniel Erbetta, y los ministros Roberto Falistocco, Eduardo Spuler, Rafael Guti\u00e9rrez, la Dra. Mar\u00eda Ang\u00e9lica Gastaldi y Mario Luis Netri, los flamantes Fiscal y Defensor Regional para las sedes judiciales con asiento en las ciudades de Rafaela y Rosario.<\/p>\n\n\n\n<p>Juraron los Dres. Carlos Mar\u00eda Vottero para la Circunscripci\u00f3n Judicial Nro. 5 con sede en la ciudad de Rafaela y como Defensor Regional del Servicio P\u00fablico Provincial de Defensa Penal de la Provincia de Santa Fe, el Dr. Mart\u00edn Gabriel Riccardi para la Circunscripci\u00f3n Judicial Nro. 2 con sede en la ciudad de Rosario.<\/p>\n\n\n\n<p>Estuvieron presentes en la jura; la Fiscal General del Ministerio P\u00fablico de la Acusaci\u00f3n de la Provincia de Santa Fe, Mar\u00eda Cecilia Vranicich; la Defensora Provincial del Servicio P\u00fablico Provincial de Defensa Penal de la Provincia de Santa Fe, Estrella Moreno Robinson; la ministra de Gobierno, Justicia y Derechos Humanos de la Provincia de Santa Fe, Celia Arena; el ministro de Gesti\u00f3n P\u00fablica de la Provincia de Santa Fe, Marcos Corach; el fiscal de Estado de la Provincia, Rub\u00e9n Weder; el Secretario de Justicia de la Provincia de Santa Fe, Eduardo Massot; Presidentes de C\u00e1mara de Apelaci\u00f3n y Vocales de C\u00e1maras del Poder Judicial de la Provincia; el presidente del Colegio de Magistrados y Funcionarios de la Provincia, Roberto Dellam\u00f3nica; la ex &#8211; Defensora P\u00fablica del SPPDP, Jaquelina Balangione; autoridades del MPA y del SPPDP de la Provincia de Santa Fe; autoridades Policiales de la Provincia; y autoridades del Sindicato de Trabajadores Judiciales de la Provincia de Santa Fe<\/p>\n<div class=\"newspaper-x-tags\"><strong>TAGS: <\/strong><span><a href=\"https:\/\/www.rosarioalerta.com.ar\/site\/archivos\/tag\/noticias-de-rosario\" rel=\"tag\">Noticias de Rosario<\/a><\/span><a href=\"https:\/\/www.rosarioalerta.com.ar\/site\/archivos\/tag\/rosario\" rel=\"tag\">Rosario<\/a><\/span><a href=\"https:\/\/www.rosarioalerta.com.ar\/site\/archivos\/tag\/santa-fe\" rel=\"tag\">Santa Fe<\/a> <\/div>","protected":false},"excerpt":{"rendered":"<p>Se trata de los Dres. Carlos Mar\u00eda Vottero y Mart\u00edn Gabriel Riccardi quienes se desempe\u00f1aran, quienes se desempe\u00f1ar\u00e1n como Fiscal Regional y Defensor Regional para las sedes Rafaela y Rosario Esta ma\u00f1ana prestaron juramento ante la Corte Suprema de Justicia de la provincia, que estuvo presidida por el Dr. Daniel Erbetta, y los ministros Roberto [&hellip;]<\/p>\n","protected":false},"author":2,"featured_media":10650,"comment_status":"open","ping_status":"open","sticky":false,"template":"","format":"standard","meta":{"_joinchat":[],"footnotes":""},"categories":[18,13,21],"tags":[95,55,65],"class_list":["post-10649","post","type-post","status-publish","format-standard","has-post-thumbnail","hentry","category-institucional","category-judiciales","category-noticias","tag-noticias-de-rosario","tag-rosario","tag-santa-fe"],"_links":{"self":[{"href":"https:\/\/www.rosarioalerta.com.ar\/site\/wp-json\/wp\/v2\/posts\/10649","targetHints":{"allow":["GET"]}}],"collection":[{"href":"https:\/\/www.rosarioalerta.com.ar\/site\/wp-json\/wp\/v2\/posts"}],"about":[{"href":"https:\/\/www.rosarioalerta.com.ar\/site\/wp-json\/wp\/v2\/types\/post"}],"author":[{"embeddable":true,"href":"https:\/\/www.rosarioalerta.com.ar\/site\/wp-json\/wp\/v2\/users\/2"}],"replies":[{"embeddable":true,"href":"https:\/\/www.rosarioalerta.com.ar\/site\/wp-json\/wp\/v2\/comments?post=10649"}],"version-history":[{"count":1,"href":"https:\/\/www.rosarioalerta.com.ar\/site\/wp-json\/wp\/v2\/posts\/10649\/revisions"}],"predecessor-version":[{"id":10651,"href":"https:\/\/www.rosarioalerta.com.ar\/site\/wp-json\/wp\/v2\/posts\/10649\/revisions\/10651"}],"wp:featuredmedia":[{"embeddable":true,"href":"https:\/\/www.rosarioalerta.com.ar\/site\/wp-json\/wp\/v2\/media\/10650"}],"wp:attachment":[{"href":"https:\/\/www.rosarioalerta.com.ar\/site\/wp-json\/wp\/v2\/media?parent=10649"}],"wp:term":[{"taxonomy":"category","embeddable":true,"href":"https:\/\/www.rosarioalerta.com.ar\/site\/wp-json\/wp\/v2\/categories?post=10649"},{"taxonomy":"post_tag","embeddable":true,"href":"https:\/\/www.rosarioalerta.com.ar\/site\/wp-json\/wp\/v2\/tags?post=10649"}],"curies":[{"name":"wp","href":"https:\/\/api.w.org\/{rel}","templated":true}]}}