{"id":10613,"date":"2023-06-10T09:17:04","date_gmt":"2023-06-10T12:17:04","guid":{"rendered":"https:\/\/www.rosarioalerta.com.ar\/site\/?p=10613"},"modified":"2023-06-10T09:17:05","modified_gmt":"2023-06-10T12:17:05","slug":"presentaron-el-manual-de-derechos-y-garantias-de-las-victimas-de-delitos","status":"publish","type":"post","link":"https:\/\/www.rosarioalerta.com.ar\/site\/archivos\/10613","title":{"rendered":"Presentaron el Manual de Derechos y Garant\u00edas de las V\u00edctimas de Delitos"},"content":{"rendered":"\n<p><\/p>\n\n\n\n<p>Se llev\u00f3 adelante el pasado jueves en el Colegio de Abogados de Rosario. Estuvo a cargo de uno de sus autores, el diputado Nacional del Frente Renovador Ramiro Guti\u00e9rrez, y del diputado provincial del Frente Renovador-PJ, autor de la Ley Provincial de V\u00edctimas de Delitos y Coordinador del Observatorio de V\u00edctimas Oscar \u201cCachi\u201d Mart\u00ednez.<\/p>\n\n\n\n<p>La autor\u00eda del mismo es del ex presidente de la C\u00e1mara de Diputados de la Naci\u00f3n y actual Ministro de Econom\u00eda Sergio Massa, y del diputado nacional Ramiro Guti\u00e9rrez, presidente de la Comisi\u00f3n de Seguridad Interior. Acompa\u00f1aron la presentaci\u00f3n el Coordinador del Observatorio, el diputado Oscar \u201cCachi\u201d Mart\u00ednez, la Asociaci\u00f3n de Familiares y V\u00edctimas de la Inseguridad de Rosario y familiares de v\u00edctimas particulares. Entre ellos estuvo presente Edgardo Orellano, padre de \u201cBocacha\u201d, quien relat\u00f3 los pormenores del juicio y la sentencia -del pasado mi\u00e9rcoles- en la que se impuso penas menores a los asesinos de su hijo.<\/p>\n\n\n\n<p>En la presentaci\u00f3n el diputado provincial del Frente Renovador en Santa Fe, Mart\u00ednez se\u00f1al\u00f3 que \u201cEl manual de Derechos y Garant\u00edas es un instrumento permite a las v\u00edctimas de delitos conozcan los derechos que los asisten. Las v\u00edctimas hasta esta ley no eran reconocidas como tales, a veces se siente que tienen m\u00e1s derechos los delincuentes que la gente honesta que es atravesada por la inseguridad y la incapacidad del Estado de evitar que se conviertan en v\u00edctimas\u201d. En ese sentido destac\u00f3 que \u201choy es un d\u00eda muy triste para todos quienes trabajamos para tratar de que esto quede atr\u00e1s, porque estamos junto a Edgardo (Orellano), que adem\u00e1s de tener que cargar con el enorme dolor de haber perdido un hijo por esa incapacidad del Estado de protegerlo, debe soportar que a quienes participaron del asesinato de su hijo se le hayan dado penas&nbsp; baj\u00edsimas. Con Ramiro Guti\u00e9rrez acompa\u00f1aremos el proceso de apelaci\u00f3n que llevar\u00e1 adelante para que se haga verdadera justicia\u201d.&nbsp;&nbsp;<\/p>\n\n\n\n<p>Adem\u00e1s destac\u00f3 que \u201chace tres a\u00f1os que venimos trabajando en la Legislatura con los familiares de v\u00edctimas de la inseguridad y con las Asociaciones de v\u00edctimas para responder a una realidad social que nos atraviesa. El 85% de los homicidios son cometidos con armas de fuego, el a\u00f1o pasado hubo en Rosario 1600 balaceras, que no tienen otra intenci\u00f3n que intimidar a las v\u00edctimas, al barrio, a los testigos, para lograr impunidad. En ese marco, adem\u00e1s de la Ley de V\u00edctimas trabajamos sobre un paquete de leyes que a\u00fan est\u00e1n pendientes de sanci\u00f3n como la de prisi\u00f3n preventiva para quien que usa o porta un arma de fuego para la comisi\u00f3n de un delito, la que establece la de prisi\u00f3n preventiva para quien viole una perimetral, y la necesidad de avanzar sobre el c\u00f3digo procesal del menor.\u201d<\/p>\n\n\n\n<p>Agreg\u00f3 adem\u00e1s que \u201ccon el contenido de la Ley de V\u00edctimas, a partir de ahora las v\u00edctimas o los familiares no tendr\u00e1n que cruzarse con el o los autores del delito en el \u00e1mbito de las audiencias, las v\u00edctimas podr\u00e1n declarar en forma virtual, e incluso desde su domicilio. El objetivo es que las v\u00edctimas participen en todas las instancias del proceso, el juez antes que resuelva su sentencia deber\u00e1 escuchar al fiscal, a la defensa, pero sobre todo a las v\u00edctimas y\/o sus familiares. Se obliga al Estado a brindar asistencia desde el punto de vista jur\u00eddico, psicol\u00f3gico, y social para que puedan verdaderamente tratar de reparar la situaci\u00f3n de la v\u00edctima. Adem\u00e1s plantea la necesidad de proteger los datos de la v\u00edctima y de sus familiares y de los testigos en el proceso, la posibilidad de que puedan agregar pruebas sin constituirse como querellantes y la obligaci\u00f3n de jueces y fiscales de informar sobre las causas. Esta ley tambi\u00e9n obliga a polic\u00edas, fiscales y jueces a capacitarse y formarse en perspectiva de v\u00edctimas\u201d.<\/p>\n\n\n\n<p>Por su parte, Ramiro Guti\u00e9rrez manifest\u00f3 que&nbsp; \u201cLas v\u00edctimas de delitos de Rosario nos han pedido esta reuni\u00f3n para trabajar en perspectiva de v\u00edctima, empezar a formar a todos aquellos funcionarios que participan del proceso. Hay una ley muy nueva empezar a concientizar a todos los Poderes del Estado acerca de cu\u00e1les son los derechos de las v\u00edctimas y que se necesita para instrumentarlos, por eso estamos aqu\u00ed presentando este Manual que deben tener tanto las v\u00edctimas como los funcionarios del Estado. El primer derecho que tiene una persona es no ser v\u00edctima de delito pero cuando lo es tiene que saber todo lo que el Estado tiene para poner para que no se la revictimice de nuevo y para que pueda reencontrarse con una vida con un poco m\u00e1s de justicia. Si no ten\u00e9s seguridad no ten\u00e9s nada. Yo siempre he pesado eso. En un segundo entra una persona con un arma en la mano y se te termin\u00f3 la vida<\/p>\n<div class=\"newspaper-x-tags\"><strong>TAGS: <\/strong><span><a href=\"https:\/\/www.rosarioalerta.com.ar\/site\/archivos\/tag\/noticias-de-rosario\" rel=\"tag\">Noticias de Rosario<\/a><\/span><a href=\"https:\/\/www.rosarioalerta.com.ar\/site\/archivos\/tag\/oscar-cachi-martinez\" rel=\"tag\">Oscar Cachi Martinez<\/a><\/span><a href=\"https:\/\/www.rosarioalerta.com.ar\/site\/archivos\/tag\/perotti\" rel=\"tag\">Perotti<\/a><\/span><a href=\"https:\/\/www.rosarioalerta.com.ar\/site\/archivos\/tag\/rosario\" rel=\"tag\">Rosario<\/a><\/span><a href=\"https:\/\/www.rosarioalerta.com.ar\/site\/archivos\/tag\/santa-fe\" rel=\"tag\">Santa Fe<\/a> <\/div>","protected":false},"excerpt":{"rendered":"<p>Se llev\u00f3 adelante el pasado jueves en el Colegio de Abogados de Rosario. Estuvo a cargo de uno de sus autores, el diputado Nacional del Frente Renovador Ramiro Guti\u00e9rrez, y del diputado provincial del Frente Renovador-PJ, autor de la Ley Provincial de V\u00edctimas de Delitos y Coordinador del Observatorio de V\u00edctimas Oscar \u201cCachi\u201d Mart\u00ednez. La [&hellip;]<\/p>\n","protected":false},"author":2,"featured_media":10614,"comment_status":"open","ping_status":"open","sticky":false,"template":"","format":"standard","meta":{"_joinchat":[],"footnotes":""},"categories":[66,18,21,285],"tags":[95,384,24,55,65],"class_list":["post-10613","post","type-post","status-publish","format-standard","has-post-thumbnail","hentry","category-inseguridad","category-institucional","category-noticias","category-opinion","tag-noticias-de-rosario","tag-oscar-cachi-martinez","tag-perotti","tag-rosario","tag-santa-fe"],"_links":{"self":[{"href":"https:\/\/www.rosarioalerta.com.ar\/site\/wp-json\/wp\/v2\/posts\/10613","targetHints":{"allow":["GET"]}}],"collection":[{"href":"https:\/\/www.rosarioalerta.com.ar\/site\/wp-json\/wp\/v2\/posts"}],"about":[{"href":"https:\/\/www.rosarioalerta.com.ar\/site\/wp-json\/wp\/v2\/types\/post"}],"author":[{"embeddable":true,"href":"https:\/\/www.rosarioalerta.com.ar\/site\/wp-json\/wp\/v2\/users\/2"}],"replies":[{"embeddable":true,"href":"https:\/\/www.rosarioalerta.com.ar\/site\/wp-json\/wp\/v2\/comments?post=10613"}],"version-history":[{"count":1,"href":"https:\/\/www.rosarioalerta.com.ar\/site\/wp-json\/wp\/v2\/posts\/10613\/revisions"}],"predecessor-version":[{"id":10615,"href":"https:\/\/www.rosarioalerta.com.ar\/site\/wp-json\/wp\/v2\/posts\/10613\/revisions\/10615"}],"wp:featuredmedia":[{"embeddable":true,"href":"https:\/\/www.rosarioalerta.com.ar\/site\/wp-json\/wp\/v2\/media\/10614"}],"wp:attachment":[{"href":"https:\/\/www.rosarioalerta.com.ar\/site\/wp-json\/wp\/v2\/media?parent=10613"}],"wp:term":[{"taxonomy":"category","embeddable":true,"href":"https:\/\/www.rosarioalerta.com.ar\/site\/wp-json\/wp\/v2\/categories?post=10613"},{"taxonomy":"post_tag","embeddable":true,"href":"https:\/\/www.rosarioalerta.com.ar\/site\/wp-json\/wp\/v2\/tags?post=10613"}],"curies":[{"name":"wp","href":"https:\/\/api.w.org\/{rel}","templated":true}]}}