{"id":10552,"date":"2023-06-06T14:18:51","date_gmt":"2023-06-06T17:18:51","guid":{"rendered":"https:\/\/www.rosarioalerta.com.ar\/site\/?p=10552"},"modified":"2023-06-06T14:18:52","modified_gmt":"2023-06-06T17:18:52","slug":"perpetua-y-33-anos-de-prision-para-los-asesinos-del-trinche","status":"publish","type":"post","link":"https:\/\/www.rosarioalerta.com.ar\/site\/archivos\/10552","title":{"rendered":"Perpetua y 33 a\u00f1os de prisi\u00f3n para los asesinos del Trinche"},"content":{"rendered":"\n<p><\/p>\n\n\n\n<p>Este martes al mediod\u00eda se ley\u00f3 el veredicto que conden\u00f3 a <strong>Juan Ariel Maidana y <\/strong><strong>Gabriel Omar Donaire<\/strong><\/p>\n\n\n\n<p>El Tribunal integrado por los <strong>Jueces de Primera Instancia Dres. Gonzalo Fern\u00e1ndez Bussy, Lorena Aronne y Pablo Pinto<\/strong> condenaron a<strong> Juan Ariel Maidana, <\/strong>a la pena \u00fanica de 33 a\u00f1os de prisi\u00f3n efectiva por los delitos de&nbsp; homicidio en ocasi\u00f3n de robo, robo calificado por el uso de arma y agravado por ser cometido en poblado y en banda<\/p>\n\n\n\n<p>Tambi\u00e9n <strong>Gabriel Omar Donaire<\/strong> fue condenado a la pena de prisi\u00f3n perpetua por robo calificado por uso de arma de fuego en grado de tentativa, homicidio calificado criminis causa y portaci\u00f3n ilegal de arma de fuego de guerra<\/p>\n\n\n\n<p>Ambos fueron vinculados al crimen ocurrido en <strong>Eva Per\u00f3n y Paran\u00e1<\/strong> el pasado 6 de mayo del 2020 donde result\u00f3 v\u00edctima <strong>Tomas Felipe Carlovich<\/strong>. Mientras que a <strong>Donaire<\/strong> tambi\u00e9n se lo vincul\u00f3 &nbsp;y al homicidio de &nbsp;<strong>Fernando Gabriel Dipre<\/strong>, hecho ocurrido el primero de abril del 2021<\/p>\n\n\n\n<p>La <strong>Fiscal Dra. Georgina Pairola de la Unidad de Homicidios Dolosos<\/strong> les atribuy\u00f3 el hecho ocurrido el 6 de mayo de 2020 aproximadamente a las 17.30 en Eva Per\u00f3n y Paran\u00e1, cuando interceptaron a <strong>Tomas Felipe Carlovich<\/strong>, quien se dirig\u00eda a bordo de su bicicleta, logrando que \u00e9ste cayera del rodado sobre la calzada e intentara recuperarlo, en ese momento el imputado lo empuja cayendo nuevamente golpeando fuertemente su cabeza contra el asfalto, aprovechando el acusado para huir a bordo de la bicicleta hacia calle Paran\u00e1 con direcci\u00f3n al norte, dejando en el lugar su bicicleta rodado 26 azul en la que circulaba. Finalmente, producto de dicho golpe tres d\u00edas m\u00e1s tarde <strong>Carlovich<\/strong> fallece en el <strong>Hospital de Emergencias Clemente \u00c1lvarez (HECA)<\/strong><\/p>\n\n\n\n<p>El imputado adem\u00e1s contaba con antecedentes de robo previos, en octubre del 2015 y en marzo de 2017, donde luego de cometer los robos recupera la libertad<\/p>\n\n\n\n<p>El caso en el que imputaron tambi\u00e9n a <strong>Donaire<\/strong>, es el ocurrido el 1 de marzo de 2021, por la noche en inmediaciones de <strong>Eva Per\u00f3n y Larrea<\/strong> cuando intentan robar un Chevrolet Classic propiedad de <strong>Fernando Gabriel Dipre, <\/strong>al que le disparan en la cabeza y le ocasionan el deceso<\/p>\n\n\n\n<p><strong>Otros Condenados<\/strong><\/p>\n\n\n\n<p><strong>Leonardo Gonella<\/strong> fue condenado el 26 de abril de 2023, a la pena \u00fanica de 5 a\u00f1os de prisi\u00f3n efectiva por los delitos de robo calificado por uso de arma impropia, agravado por ser cometido en poblado y banda en car\u00e1cter de coautor. <strong>Ram\u00f3n Crespin<\/strong> el pasado 3 de mayo, fue condenado a la pena \u00fanica de 6 a\u00f1os de prisi\u00f3n efectiva por los delitos de robo calificado por uso de arma impropia y agravado por ser cometido en poblado y en banda en car\u00e1cter de coautor<\/p>\n<div class=\"newspaper-x-tags\"><strong>TAGS: <\/strong><span><a href=\"https:\/\/www.rosarioalerta.com.ar\/site\/archivos\/tag\/noticias-de-rosario\" rel=\"tag\">Noticias de Rosario<\/a><\/span><a href=\"https:\/\/www.rosarioalerta.com.ar\/site\/archivos\/tag\/rosario\" rel=\"tag\">Rosario<\/a><\/span><a href=\"https:\/\/www.rosarioalerta.com.ar\/site\/archivos\/tag\/santa-fe\" rel=\"tag\">Santa Fe<\/a> <\/div>","protected":false},"excerpt":{"rendered":"<p>Este martes al mediod\u00eda se ley\u00f3 el veredicto que conden\u00f3 a Juan Ariel Maidana y Gabriel Omar Donaire El Tribunal integrado por los Jueces de Primera Instancia Dres. Gonzalo Fern\u00e1ndez Bussy, Lorena Aronne y Pablo Pinto condenaron a Juan Ariel Maidana, a la pena \u00fanica de 33 a\u00f1os de prisi\u00f3n efectiva por los delitos de&nbsp; [&hellip;]<\/p>\n","protected":false},"author":2,"featured_media":10553,"comment_status":"open","ping_status":"open","sticky":false,"template":"","format":"standard","meta":{"_joinchat":[],"footnotes":""},"categories":[6,66,13,21],"tags":[95,55,65],"class_list":["post-10552","post","type-post","status-publish","format-standard","has-post-thumbnail","hentry","category-homicidios","category-inseguridad","category-judiciales","category-noticias","tag-noticias-de-rosario","tag-rosario","tag-santa-fe"],"_links":{"self":[{"href":"https:\/\/www.rosarioalerta.com.ar\/site\/wp-json\/wp\/v2\/posts\/10552","targetHints":{"allow":["GET"]}}],"collection":[{"href":"https:\/\/www.rosarioalerta.com.ar\/site\/wp-json\/wp\/v2\/posts"}],"about":[{"href":"https:\/\/www.rosarioalerta.com.ar\/site\/wp-json\/wp\/v2\/types\/post"}],"author":[{"embeddable":true,"href":"https:\/\/www.rosarioalerta.com.ar\/site\/wp-json\/wp\/v2\/users\/2"}],"replies":[{"embeddable":true,"href":"https:\/\/www.rosarioalerta.com.ar\/site\/wp-json\/wp\/v2\/comments?post=10552"}],"version-history":[{"count":1,"href":"https:\/\/www.rosarioalerta.com.ar\/site\/wp-json\/wp\/v2\/posts\/10552\/revisions"}],"predecessor-version":[{"id":10554,"href":"https:\/\/www.rosarioalerta.com.ar\/site\/wp-json\/wp\/v2\/posts\/10552\/revisions\/10554"}],"wp:featuredmedia":[{"embeddable":true,"href":"https:\/\/www.rosarioalerta.com.ar\/site\/wp-json\/wp\/v2\/media\/10553"}],"wp:attachment":[{"href":"https:\/\/www.rosarioalerta.com.ar\/site\/wp-json\/wp\/v2\/media?parent=10552"}],"wp:term":[{"taxonomy":"category","embeddable":true,"href":"https:\/\/www.rosarioalerta.com.ar\/site\/wp-json\/wp\/v2\/categories?post=10552"},{"taxonomy":"post_tag","embeddable":true,"href":"https:\/\/www.rosarioalerta.com.ar\/site\/wp-json\/wp\/v2\/tags?post=10552"}],"curies":[{"name":"wp","href":"https:\/\/api.w.org\/{rel}","templated":true}]}}