{"id":10508,"date":"2023-06-03T18:33:57","date_gmt":"2023-06-03T21:33:57","guid":{"rendered":"https:\/\/www.rosarioalerta.com.ar\/site\/?p=10508"},"modified":"2023-06-03T18:33:58","modified_gmt":"2023-06-03T21:33:58","slug":"un-motociclista-perdio-la-vida-tras-un-siniestro","status":"publish","type":"post","link":"https:\/\/www.rosarioalerta.com.ar\/site\/archivos\/10508","title":{"rendered":"Un motociclista perdi\u00f3 la vida tras un siniestro"},"content":{"rendered":"\n<p><\/p>\n\n\n\n<p>Habr\u00eda colisionado contra una piedra de grandes dimensiones<\/p>\n\n\n\n<p>En horas de la madrugada de este s\u00e1bado, <strong>Pablo Federico Depretti de 36 a\u00f1os,<\/strong> iba a bordo de su Keller 110 cc y al llegar a inmediaciones de <strong>Callao y Santa Fe<\/strong>, pierde el control del rodado. Seg\u00fan los peritos, podr\u00eda haber colisionado con una piedra de grande dimensiones y al caer pesadamente al pavimento, pierde la vida<\/p>\n\n\n\n<p>Personal del <strong>SIES<\/strong> asisti\u00f3 en el acto, pero lo declar\u00f3 \u00f3bito, interviniendo luego el <strong>Gabinete Accidentol\u00f3gico<\/strong> de la <strong>AIC<\/strong><\/p>\n<div class=\"newspaper-x-tags\"><strong>TAGS: <\/strong><span><a href=\"https:\/\/www.rosarioalerta.com.ar\/site\/archivos\/tag\/noticias-de-rosario\" rel=\"tag\">Noticias de Rosario<\/a><\/span><a href=\"https:\/\/www.rosarioalerta.com.ar\/site\/archivos\/tag\/rosario\" rel=\"tag\">Rosario<\/a> <\/div>","protected":false},"excerpt":{"rendered":"<p>Habr\u00eda colisionado contra una piedra de grandes dimensiones En horas de la madrugada de este s\u00e1bado, Pablo Federico Depretti de 36 a\u00f1os, iba a bordo de su Keller 110 cc y al llegar a inmediaciones de Callao y Santa Fe, pierde el control del rodado. Seg\u00fan los peritos, podr\u00eda haber colisionado con una piedra de [&hellip;]<\/p>\n","protected":false},"author":2,"featured_media":10509,"comment_status":"open","ping_status":"open","sticky":false,"template":"","format":"standard","meta":{"_joinchat":[],"footnotes":""},"categories":[6,21,14,10],"tags":[95,55],"class_list":["post-10508","post","type-post","status-publish","format-standard","has-post-thumbnail","hentry","category-homicidios","category-noticias","category-policiales","category-siniestros-viales","tag-noticias-de-rosario","tag-rosario"],"_links":{"self":[{"href":"https:\/\/www.rosarioalerta.com.ar\/site\/wp-json\/wp\/v2\/posts\/10508","targetHints":{"allow":["GET"]}}],"collection":[{"href":"https:\/\/www.rosarioalerta.com.ar\/site\/wp-json\/wp\/v2\/posts"}],"about":[{"href":"https:\/\/www.rosarioalerta.com.ar\/site\/wp-json\/wp\/v2\/types\/post"}],"author":[{"embeddable":true,"href":"https:\/\/www.rosarioalerta.com.ar\/site\/wp-json\/wp\/v2\/users\/2"}],"replies":[{"embeddable":true,"href":"https:\/\/www.rosarioalerta.com.ar\/site\/wp-json\/wp\/v2\/comments?post=10508"}],"version-history":[{"count":1,"href":"https:\/\/www.rosarioalerta.com.ar\/site\/wp-json\/wp\/v2\/posts\/10508\/revisions"}],"predecessor-version":[{"id":10510,"href":"https:\/\/www.rosarioalerta.com.ar\/site\/wp-json\/wp\/v2\/posts\/10508\/revisions\/10510"}],"wp:featuredmedia":[{"embeddable":true,"href":"https:\/\/www.rosarioalerta.com.ar\/site\/wp-json\/wp\/v2\/media\/10509"}],"wp:attachment":[{"href":"https:\/\/www.rosarioalerta.com.ar\/site\/wp-json\/wp\/v2\/media?parent=10508"}],"wp:term":[{"taxonomy":"category","embeddable":true,"href":"https:\/\/www.rosarioalerta.com.ar\/site\/wp-json\/wp\/v2\/categories?post=10508"},{"taxonomy":"post_tag","embeddable":true,"href":"https:\/\/www.rosarioalerta.com.ar\/site\/wp-json\/wp\/v2\/tags?post=10508"}],"curies":[{"name":"wp","href":"https:\/\/api.w.org\/{rel}","templated":true}]}}