{"id":10411,"date":"2023-05-30T07:24:13","date_gmt":"2023-05-30T10:24:13","guid":{"rendered":"https:\/\/www.rosarioalerta.com.ar\/site\/?p=10411"},"modified":"2023-05-30T07:24:16","modified_gmt":"2023-05-30T10:24:16","slug":"le-dieron-dos-puntazos-para-asaltarlo","status":"publish","type":"post","link":"https:\/\/www.rosarioalerta.com.ar\/site\/archivos\/10411","title":{"rendered":"Le dieron dos puntazos para asaltarlo"},"content":{"rendered":"\n<p><\/p>\n\n\n\n<p>La v\u00edctima es un joven de 21 a\u00f1os. Tambi\u00e9n atacaron a balazos una casa en zona oeste<\/p>\n\n\n\n<p>Antes de la medianoche en inmediaciones de <strong>Circunvalaci\u00f3n y Jun\u00edn<\/strong>, un joven de 21 a\u00f1os, fue abordado por delincuentes, que le sustrajeron sus pertenencias y lo apu\u00f1alaron. Fue asistido por un transe\u00fante y que lo traslada hasta el <strong>Hospital de Emergencias Clemente \u00c1lvarez (HECA).<\/strong><\/p>\n\n\n\n<p>Presentaba una herida punzante en t\u00f3rax y otra en abdomen, siendo su estado de salud cr\u00edtico<\/p>\n\n\n\n<p>Mientras que en <strong>Roullion y Tupac Amaru<\/strong> se registr\u00f3 una balacera, sobre la que recogieron una docena de vainas servidas y contabilizaron da\u00f1os materiales, contra varias viviendas precarias de la zona. Intervino personal de la <strong>Comisar\u00eda 12\u00ba<\/strong><\/p>\n<div class=\"newspaper-x-tags\"><strong>TAGS: <\/strong><span><a href=\"https:\/\/www.rosarioalerta.com.ar\/site\/archivos\/tag\/balaceras\" rel=\"tag\">Balaceras<\/a><\/span><a href=\"https:\/\/www.rosarioalerta.com.ar\/site\/archivos\/tag\/inseguridad\" rel=\"tag\">inseguridad<\/a><\/span><a href=\"https:\/\/www.rosarioalerta.com.ar\/site\/archivos\/tag\/noticias-de-rosario\" rel=\"tag\">Noticias de Rosario<\/a><\/span><a href=\"https:\/\/www.rosarioalerta.com.ar\/site\/archivos\/tag\/perotti\" rel=\"tag\">Perotti<\/a><\/span><a href=\"https:\/\/www.rosarioalerta.com.ar\/site\/archivos\/tag\/rosario\" rel=\"tag\">Rosario<\/a><\/span><a href=\"https:\/\/www.rosarioalerta.com.ar\/site\/archivos\/tag\/santa-fe\" rel=\"tag\">Santa Fe<\/a> <\/div>","protected":false},"excerpt":{"rendered":"<p>La v\u00edctima es un joven de 21 a\u00f1os. Tambi\u00e9n atacaron a balazos una casa en zona oeste Antes de la medianoche en inmediaciones de Circunvalaci\u00f3n y Jun\u00edn, un joven de 21 a\u00f1os, fue abordado por delincuentes, que le sustrajeron sus pertenencias y lo apu\u00f1alaron. Fue asistido por un transe\u00fante y que lo traslada hasta el [&hellip;]<\/p>\n","protected":false},"author":2,"featured_media":9876,"comment_status":"open","ping_status":"open","sticky":false,"template":"","format":"standard","meta":{"_joinchat":[],"footnotes":""},"categories":[15,17,66,21,14],"tags":[68,54,95,24,55,65],"class_list":["post-10411","post","type-post","status-publish","format-standard","has-post-thumbnail","hentry","category-balaceras","category-heridos","category-inseguridad","category-noticias","category-policiales","tag-balaceras","tag-inseguridad","tag-noticias-de-rosario","tag-perotti","tag-rosario","tag-santa-fe"],"_links":{"self":[{"href":"https:\/\/www.rosarioalerta.com.ar\/site\/wp-json\/wp\/v2\/posts\/10411","targetHints":{"allow":["GET"]}}],"collection":[{"href":"https:\/\/www.rosarioalerta.com.ar\/site\/wp-json\/wp\/v2\/posts"}],"about":[{"href":"https:\/\/www.rosarioalerta.com.ar\/site\/wp-json\/wp\/v2\/types\/post"}],"author":[{"embeddable":true,"href":"https:\/\/www.rosarioalerta.com.ar\/site\/wp-json\/wp\/v2\/users\/2"}],"replies":[{"embeddable":true,"href":"https:\/\/www.rosarioalerta.com.ar\/site\/wp-json\/wp\/v2\/comments?post=10411"}],"version-history":[{"count":1,"href":"https:\/\/www.rosarioalerta.com.ar\/site\/wp-json\/wp\/v2\/posts\/10411\/revisions"}],"predecessor-version":[{"id":10412,"href":"https:\/\/www.rosarioalerta.com.ar\/site\/wp-json\/wp\/v2\/posts\/10411\/revisions\/10412"}],"wp:featuredmedia":[{"embeddable":true,"href":"https:\/\/www.rosarioalerta.com.ar\/site\/wp-json\/wp\/v2\/media\/9876"}],"wp:attachment":[{"href":"https:\/\/www.rosarioalerta.com.ar\/site\/wp-json\/wp\/v2\/media?parent=10411"}],"wp:term":[{"taxonomy":"category","embeddable":true,"href":"https:\/\/www.rosarioalerta.com.ar\/site\/wp-json\/wp\/v2\/categories?post=10411"},{"taxonomy":"post_tag","embeddable":true,"href":"https:\/\/www.rosarioalerta.com.ar\/site\/wp-json\/wp\/v2\/tags?post=10411"}],"curies":[{"name":"wp","href":"https:\/\/api.w.org\/{rel}","templated":true}]}}