{"id":10333,"date":"2023-05-25T17:29:39","date_gmt":"2023-05-25T20:29:39","guid":{"rendered":"https:\/\/www.rosarioalerta.com.ar\/site\/?p=10333"},"modified":"2023-05-25T17:29:43","modified_gmt":"2023-05-25T20:29:43","slug":"no-podemos-permitir-que-un-preso-desde-una-carcel-defina-si-un-chico-va-a-la-escuela-o-no","status":"publish","type":"post","link":"https:\/\/www.rosarioalerta.com.ar\/site\/archivos\/10333","title":{"rendered":"No podemos permitir que un preso desde una c\u00e1rcel defina si un chico va a la escuela o no"},"content":{"rendered":"\n<p><\/p>\n\n\n\n<p>En su mensaje del D\u00eda de la Patria el intendente volvi\u00f3 a reclamar protecci\u00f3n para &#8220;la gente buena que sue\u00f1a, que ama y que cree. Que al miedo y al dolor le opone esfuerzo y esperanza\u201d<\/p>\n\n\n\n<p>El intendente Pablo Javkin encabez\u00f3 este jueves 25 el acto conmemorativo por el 213\u00ba aniversario de la Revoluci\u00f3n de Mayo, oportunidad en la que rese\u00f1\u00f3 aquellos sucesos hist\u00f3ricos y con el ejemplo de sus protagonistas exhort\u00f3 a&nbsp;&#8220;encabezar una revoluci\u00f3n por la paz, a unirnos para volver a caminar tranquilos por nuestras calles\u201d. \u201cQuiero ser bien claro en algo: no podemos permitir que se metan con nuestros chicos. No podemos permitir que un preso desde una c\u00e1rcel defina si un chico va a la escuela o no, si un docente puede dar clases o no. Personas caminando balean una escuela que tiene custodia y no hay ninguna persecuci\u00f3n. Amenazan una escuela y demora la investigaci\u00f3n, pero mientras tanto la escuela cierra\u201d, grafic\u00f3 en relaci\u00f3n a la coyuntura de la ciudad en un nuevo D\u00eda de la Patria.<\/p>\n\n\n\n<p>Javkin aludi\u00f3 particularmente a los episodios registrados esta semana cuando distintos establecimientos educativos debieron suspender clases luego de amenazas e incluso ataques armados sobre sus fachadas, y&nbsp;expres\u00f3 que \u201cno habr\u00e1 paz sin los pibes dentro del aula. Es inadmisible que atenten contra lo m\u00e1s sagrado que tiene que hacer una rep\u00fablica: igualar con educaci\u00f3n\u201d.<\/p>\n\n\n\n<p>\u201cQuiero decirlo hoy 25 de Mayo, d\u00eda revolucionario, d\u00eda de valientes, d\u00eda de aprender la patria de verdad en los actos escolares. \u00bfD\u00f3nde est\u00e1n los que tienen las armas y tienen que cuidarnos? \u00bfD\u00f3nde m\u00e1s tienen que estar que protegiendo las escuelas y el futuro de los chicos?\u201d, remarc\u00f3.<\/p>\n\n\n\n<p>Y renov\u00f3 su compromiso de seguir dando pelea por lo que merece la ciudad:&nbsp;\u201cNo esperen que afloje, esta ciudad no va a aflojar. Nosotros no vamos a aflojar porque esto se tiene que cortar de ra\u00edz. Sabemos levantarnos de las crisis, sabemos resistir con osad\u00eda cuando nos abandonan. Y mucho sabemos de exigir lo que nos corresponde\u201d, areng\u00f3 el mandatario.<\/p>\n\n\n\n<p>\u201cVengan a Rosario.&nbsp;No puede ser que la respuesta sean promesas y anuncios que se demoran o nunca llegan. No puede ser que hagan o\u00eddos sordos al dolor de las familias. En un d\u00eda tan importante para nuestra historia como hoy, estamos llamados a luchar por la libertad, como fuimos llamados aquel mayo de 1810 y tambi\u00e9n hace 40 a\u00f1os cuando nos unimos para recuperar nuestra democracia. S\u00f3lo unidos vamos a ser libres. \u00c9se es nuestro mandato\u201d, concluy\u00f3.<\/p>\n\n\n\n<p>Por las condiciones clim\u00e1ticas el acto previsto inicialmente en la plaza 25 de Mayo se desarroll\u00f3 en la Sala de las Banderas del Monumento.<\/p>\n\n\n\n<p>\u201cUna vez m\u00e1s, un d\u00eda de lluvia como hace 213 a\u00f1os atr\u00e1s, la Patria reunida ante el manto celeste y blanco festeja el acto en que como pueblo nos hicimos libres\u201d, evoc\u00f3 el intendente tras la entonaci\u00f3n del Himno Nacional Argentino, y reivindic\u00f3 aquel tiempo en que \u201clas provincias se llamaron unidas al grito del gran continente americano, con Bol\u00edvar y San Mart\u00edn al frente, con Moreno y Castelli escribiendo una historia de ideas, con Mar\u00eda Catalina y Manuel Belgrano, y el acto federal de darnos la bandera nacional. Todos somos hijos e hijas de esta historia de lucha\u201d.<\/p>\n\n\n\n<p>\u201cNo hay acto m\u00e1s injusto que alguien decida por nuestra vida y por nuestra libertad. Este Pago de los Arroyos no esper\u00f3 a tener fundador, ni a estar en planes de nadie para animarse a crecer. No esper\u00f3 a tener una orden de Buenos Aires para izar la bandera. No esper\u00f3 a que el mundo llegue a la orilla del Paran\u00e1 para hacerse puerto y abrirse a cientos de destinos. Hoy vivimos tiempos oscuros, dif\u00edciles y necesitamos m\u00e1s que nunca valernos de esa fuerza que nos hizo libres\u201d, redobl\u00f3 el titular del Palacio de los Leones.<\/p>\n\n\n\n<p>Acompa\u00f1ado por integrantes de la Mesa Interreligiosa por el Bien Com\u00fan de la Universidad Nacional de Rosario, delegaciones escolares, la presidenta del Concejo Municipal, Mar\u00eda Eugenia Schmuck, el diputado nacional Enrique Est\u00e9vez, el senador provincial por el Departamento Rosario, Miguel Rabbia, y las ministras provinciales Sonia Martorano y Erika Gonnet, entre otras autoridades, Javkin, dijo: \u201cSi reuni\u00e9ramos en este mismo lugar a aquellos valientes hombres y mujeres del siglo XIX, s\u00e9 que nos llamar\u00edan a encabezar una revoluci\u00f3n por la paz, a unirnos para volver a caminar tranquilos por nuestras calles\u201d.<\/p>\n\n\n\n<p>Y prosigui\u00f3: \u201cEsa revoluci\u00f3n es la de la gente buena, de coraz\u00f3n noble y manos trabajadoras, que con esperanza sigue llenando las plazas, que levanta las persianas cada ma\u00f1ana, que cuida y educa a nuestros pibes porque conf\u00eda en su futuro . La gente buena que abre sus casas para poner un comedor, que vive y labura en los barrios que urbanizamos. Que empuja el desarrollo productivo de la Argentina invirtiendo ac\u00e1, porque apuestan por esta tierra fecunda y siguen con la tradici\u00f3n industrial que marc\u00f3 a fuego la identidad de la ciudad. Gente buena que sue\u00f1a, que ama y que cree. Que al miedo y al dolor le opone esfuerzo y esperanza\u201d.<\/p>\n\n\n\n<p>Tras las palabras del mandatario municipal se procedi\u00f3 a colocar una ofrenda al patriota rosarino Vicente Anastasio Echevarr\u00eda en el Patio de la Catedral, con la presencia de&nbsp;Gabriela Fern\u00e1ndez D\u00edaz, descendiente del&nbsp;pr\u00f3cer.&nbsp;<\/p>\n\n\n\n<p>Del acto oficial tambi\u00e9n participaron los secretarios del gabinete municipal Rogelio Biazzi, Gustavo Zignago&nbsp;y Carolina Labayru, el diputado provincial Ariel Berm\u00fadez, representantes de las Fuerzas Armadas, de seguridad y policiales; autoridades nacionales, provinciales y municipales; de&nbsp;colectividades extranjeras, universidades, instituciones y fundaciones, ex soldados combatientes en Malvinas, y cuerpo consular acreditado en la ciudad.<\/p>\n<div class=\"newspaper-x-tags\"><strong>TAGS: <\/strong><span><a href=\"https:\/\/www.rosarioalerta.com.ar\/site\/archivos\/tag\/noticias-de-rosario\" rel=\"tag\">Noticias de Rosario<\/a><\/span><a href=\"https:\/\/www.rosarioalerta.com.ar\/site\/archivos\/tag\/rosario\" rel=\"tag\">Rosario<\/a><\/span><a href=\"https:\/\/www.rosarioalerta.com.ar\/site\/archivos\/tag\/santa-fe\" rel=\"tag\">Santa Fe<\/a> <\/div>","protected":false},"excerpt":{"rendered":"<p>En su mensaje del D\u00eda de la Patria el intendente volvi\u00f3 a reclamar protecci\u00f3n para &#8220;la gente buena que sue\u00f1a, que ama y que cree. Que al miedo y al dolor le opone esfuerzo y esperanza\u201d El intendente Pablo Javkin encabez\u00f3 este jueves 25 el acto conmemorativo por el 213\u00ba aniversario de la Revoluci\u00f3n de [&hellip;]<\/p>\n","protected":false},"author":2,"featured_media":10334,"comment_status":"open","ping_status":"open","sticky":false,"template":"","format":"standard","meta":{"_joinchat":[],"footnotes":""},"categories":[66,18,21,285,14],"tags":[95,55,65],"class_list":["post-10333","post","type-post","status-publish","format-standard","has-post-thumbnail","hentry","category-inseguridad","category-institucional","category-noticias","category-opinion","category-policiales","tag-noticias-de-rosario","tag-rosario","tag-santa-fe"],"_links":{"self":[{"href":"https:\/\/www.rosarioalerta.com.ar\/site\/wp-json\/wp\/v2\/posts\/10333","targetHints":{"allow":["GET"]}}],"collection":[{"href":"https:\/\/www.rosarioalerta.com.ar\/site\/wp-json\/wp\/v2\/posts"}],"about":[{"href":"https:\/\/www.rosarioalerta.com.ar\/site\/wp-json\/wp\/v2\/types\/post"}],"author":[{"embeddable":true,"href":"https:\/\/www.rosarioalerta.com.ar\/site\/wp-json\/wp\/v2\/users\/2"}],"replies":[{"embeddable":true,"href":"https:\/\/www.rosarioalerta.com.ar\/site\/wp-json\/wp\/v2\/comments?post=10333"}],"version-history":[{"count":1,"href":"https:\/\/www.rosarioalerta.com.ar\/site\/wp-json\/wp\/v2\/posts\/10333\/revisions"}],"predecessor-version":[{"id":10335,"href":"https:\/\/www.rosarioalerta.com.ar\/site\/wp-json\/wp\/v2\/posts\/10333\/revisions\/10335"}],"wp:featuredmedia":[{"embeddable":true,"href":"https:\/\/www.rosarioalerta.com.ar\/site\/wp-json\/wp\/v2\/media\/10334"}],"wp:attachment":[{"href":"https:\/\/www.rosarioalerta.com.ar\/site\/wp-json\/wp\/v2\/media?parent=10333"}],"wp:term":[{"taxonomy":"category","embeddable":true,"href":"https:\/\/www.rosarioalerta.com.ar\/site\/wp-json\/wp\/v2\/categories?post=10333"},{"taxonomy":"post_tag","embeddable":true,"href":"https:\/\/www.rosarioalerta.com.ar\/site\/wp-json\/wp\/v2\/tags?post=10333"}],"curies":[{"name":"wp","href":"https:\/\/api.w.org\/{rel}","templated":true}]}}