{"id":10237,"date":"2023-05-18T15:04:28","date_gmt":"2023-05-18T18:04:28","guid":{"rendered":"https:\/\/www.rosarioalerta.com.ar\/site\/?p=10237"},"modified":"2023-05-18T15:04:30","modified_gmt":"2023-05-18T18:04:30","slug":"cae-una-banda-liderada-por-una-mujer-policia","status":"publish","type":"post","link":"https:\/\/www.rosarioalerta.com.ar\/site\/archivos\/10237","title":{"rendered":"Cae una banda liderada por una mujer polic\u00eda"},"content":{"rendered":"\n<p><\/p>\n\n\n\n<p>La denuncia fue realizada por vecinos a la Central de Emergencias del 911<\/p>\n\n\n\n<p>En las \u00faltimas horas del mi\u00e9rcoles, un llamado al 911, daba cuenta que personas sospechosas se encontraban deambulando a bordo de un autom\u00f3vil por inmediaciones de <strong>Pampa y Juan Pablo II<\/strong>. Al llegar el personal policial, procedieron a identificar a los ocupantes de un Toyota Corolla gris. La conductora manifest\u00f3 ser empleada policial y que estaba por realizar un allanamiento. La misma seg\u00fan fuentes policiales, se encontraba con el respectivo uniforme, pero en su cintura, no ten\u00eda su arma reglamentaria, por dichos propios \u201cla hab\u00eda olvidado\u201d. S\u00ed&nbsp; llevaba consigo una pistola de utiler\u00eda. Tras unas breves indagaciones, lograron establecer que s\u00ed se trataba de una empleada, con prestaci\u00f3n de servicios en la Sub Comisar\u00eda 20\u00ba, pero se encontrar\u00eda con carpeta m\u00e9dica.<\/p>\n\n\n\n<p>Otro de los acompa\u00f1antes, con indumentaria s\u00edmil a la que utiliza la polic\u00eda santafesina, manifest\u00f3 ser de la PDI (secci\u00f3n que no existe m\u00e1s y que hoy se denomina AIC), un tercero, dijo ser testigo, al que llevaron desde barrio Ludue\u00f1a para el presunto allanamiento y estaba acompa\u00f1ado de su hermano<\/p>\n\n\n\n<p>Intervino la fiscal\u00eda de flagrancias en turno, la Divisi\u00f3n Judiciales, la AIC y fueron aprehendidos, secuestr\u00e1ndoles, el rodado, notificaciones judiciales y ser\u00e1n imputados por usurpaci\u00f3n de t\u00edtulos y honores<\/p>\n<div class=\"newspaper-x-tags\"><strong>TAGS: <\/strong><span><a href=\"https:\/\/www.rosarioalerta.com.ar\/site\/archivos\/tag\/noticias-de-rosario\" rel=\"tag\">Noticias de Rosario<\/a><\/span><a href=\"https:\/\/www.rosarioalerta.com.ar\/site\/archivos\/tag\/rosario\" rel=\"tag\">Rosario<\/a><\/span><a href=\"https:\/\/www.rosarioalerta.com.ar\/site\/archivos\/tag\/santa-fe\" rel=\"tag\">Santa Fe<\/a> <\/div>","protected":false},"excerpt":{"rendered":"<p>La denuncia fue realizada por vecinos a la Central de Emergencias del 911 En las \u00faltimas horas del mi\u00e9rcoles, un llamado al 911, daba cuenta que personas sospechosas se encontraban deambulando a bordo de un autom\u00f3vil por inmediaciones de Pampa y Juan Pablo II. Al llegar el personal policial, procedieron a identificar a los ocupantes [&hellip;]<\/p>\n","protected":false},"author":2,"featured_media":10238,"comment_status":"open","ping_status":"open","sticky":false,"template":"","format":"standard","meta":{"_joinchat":[],"footnotes":""},"categories":[11,66,21,14],"tags":[95,55,65],"class_list":["post-10237","post","type-post","status-publish","format-standard","has-post-thumbnail","hentry","category-detenidos","category-inseguridad","category-noticias","category-policiales","tag-noticias-de-rosario","tag-rosario","tag-santa-fe"],"_links":{"self":[{"href":"https:\/\/www.rosarioalerta.com.ar\/site\/wp-json\/wp\/v2\/posts\/10237","targetHints":{"allow":["GET"]}}],"collection":[{"href":"https:\/\/www.rosarioalerta.com.ar\/site\/wp-json\/wp\/v2\/posts"}],"about":[{"href":"https:\/\/www.rosarioalerta.com.ar\/site\/wp-json\/wp\/v2\/types\/post"}],"author":[{"embeddable":true,"href":"https:\/\/www.rosarioalerta.com.ar\/site\/wp-json\/wp\/v2\/users\/2"}],"replies":[{"embeddable":true,"href":"https:\/\/www.rosarioalerta.com.ar\/site\/wp-json\/wp\/v2\/comments?post=10237"}],"version-history":[{"count":1,"href":"https:\/\/www.rosarioalerta.com.ar\/site\/wp-json\/wp\/v2\/posts\/10237\/revisions"}],"predecessor-version":[{"id":10239,"href":"https:\/\/www.rosarioalerta.com.ar\/site\/wp-json\/wp\/v2\/posts\/10237\/revisions\/10239"}],"wp:featuredmedia":[{"embeddable":true,"href":"https:\/\/www.rosarioalerta.com.ar\/site\/wp-json\/wp\/v2\/media\/10238"}],"wp:attachment":[{"href":"https:\/\/www.rosarioalerta.com.ar\/site\/wp-json\/wp\/v2\/media?parent=10237"}],"wp:term":[{"taxonomy":"category","embeddable":true,"href":"https:\/\/www.rosarioalerta.com.ar\/site\/wp-json\/wp\/v2\/categories?post=10237"},{"taxonomy":"post_tag","embeddable":true,"href":"https:\/\/www.rosarioalerta.com.ar\/site\/wp-json\/wp\/v2\/tags?post=10237"}],"curies":[{"name":"wp","href":"https:\/\/api.w.org\/{rel}","templated":true}]}}